{"id":502,"date":"2018-06-22T11:28:15","date_gmt":"2018-06-22T11:28:15","guid":{"rendered":"http:\/\/energieshumaines.fr\/?p=502"},"modified":"2018-06-22T11:30:15","modified_gmt":"2018-06-22T11:30:15","slug":"leadership-visionnaire-un-atelier-productif-et-interactif","status":"publish","type":"post","link":"http:\/\/energieshumaines.fr\/?p=502","title":{"rendered":"\u00ab\u00a0Leadership Visionnaire\u00a0\u00bb &#8211; Un atelier productif et interactif"},"content":{"rendered":"<p><span id=\"ember7730\" class=\"ember-view\"><img loading=\"lazy\" decoding=\"async\" class=\"size-medium wp-image-503 alignleft\" src=\"http:\/\/wp.energieshumaines.fr\/wp-content\/uploads\/2018\/06\/P_20180621_104356-300x169.jpg\" alt=\"\" width=\"300\" height=\"169\" srcset=\"http:\/\/wp.energieshumaines.fr\/wp-content\/uploads\/2018\/06\/P_20180621_104356-300x169.jpg 300w, http:\/\/wp.energieshumaines.fr\/wp-content\/uploads\/2018\/06\/P_20180621_104356-768x432.jpg 768w, http:\/\/wp.energieshumaines.fr\/wp-content\/uploads\/2018\/06\/P_20180621_104356-1024x576.jpg 1024w, http:\/\/wp.energieshumaines.fr\/wp-content\/uploads\/2018\/06\/P_20180621_104356.jpg 1920w\" sizes=\"auto, (max-width: 300px) 100vw, 300px\" \/>Un d\u00e9marrage en fanfare avec la matinale \u00ab\u00a0Leadership Visionnaire\u00a0\u00bb jeudi 21 juin chez Dimo Sofware<\/span><\/p>\n<p><span id=\"ember7738\" class=\"ember-view\">Nos voyageurs ont explor\u00e9 le leadership visionnaire en mode world-caf\u00e9, r\u00e9fl\u00e9chis , \u00e9chang\u00e9s et construit sur trois th\u00e8mes :<br \/>\n<\/span><span id=\"ember7738\" class=\"ember-view\">Co-construire la vision, s<\/span><span id=\"ember7738\" class=\"ember-view\">\u2019approprier et faire vivre la vision et r<\/span><span id=\"ember7738\" class=\"ember-view\">ester agile.<\/span><\/p>\n<p><span id=\"ember7738\" class=\"ember-view\">Merci \u00e0 nos h\u00f4tes chez\u00a0<\/span><a id=\"ember7742\" class=\"tap-target feed-shared-text-view__mention ember-view\" href=\"https:\/\/www.linkedin.com\/company\/62531\/\" target=\"_self\"><span data-entity-hovercard-id=\"urn:li:fs_miniCompany:62531\">DIMO<\/span><\/a><span id=\"ember7746\" class=\"ember-view\"> @<\/span><a id=\"ember7750\" class=\"tap-target feed-shared-text-view__mention ember-view\" href=\"https:\/\/www.linkedin.com\/in\/ACoAAAIs0foBf3a3dt0-2OAiVyc95qOAiyogpWM\/\" target=\"_self\"><span data-entity-hovercard-id=\"urn:li:fs_miniProfile:ACoAAAIs0foBf3a3dt0-2OAiVyc95qOAiyogpWM\">Jean-Paul Genoux\u00a0<\/span><\/a><span id=\"ember7754\" class=\"ember-view\">et <a href=\"https:\/\/www.linkedin.com\/in\/herveguillaud\/\">@Herv\u00e9 GUILLAUD<\/a>\u00a0!<\/span><\/p>\n","protected":false},"excerpt":{"rendered":"<p>Un d\u00e9marrage en fanfare avec la matinale \u00ab\u00a0Leadership Visionnaire\u00a0\u00bb jeudi 21 juin chez Dimo Sofware Nos voyageurs ont explor\u00e9 le leadership visionnaire en mode world-caf\u00e9, r\u00e9fl\u00e9chis , \u00e9chang\u00e9s et construit sur trois th\u00e8mes : Co-construire la vision, s\u2019approprier et faire vivre la vision et rester agile. Merci \u00e0 nos h\u00f4tes chez\u00a0DIMO @Jean-Paul Genoux\u00a0et @Herv\u00e9 GUILLAUD\u00a0!<\/p>\n","protected":false},"author":3,"featured_media":0,"comment_status":"open","ping_status":"open","sticky":false,"template":"","format":"standard","meta":{"_exactmetrics_skip_tracking":false,"_exactmetrics_sitenote_active":false,"_exactmetrics_sitenote_note":"","_exactmetrics_sitenote_category":0,"footnotes":""},"categories":[1,15,10],"tags":[],"class_list":["post-502","post","type-post","status-publish","format-standard","hentry","category-actualites","category-ateliers","category-leadership"],"_links":{"self":[{"href":"http:\/\/energieshumaines.fr\/index.php?rest_route=\/wp\/v2\/posts\/502","targetHints":{"allow":["GET"]}}],"collection":[{"href":"http:\/\/energieshumaines.fr\/index.php?rest_route=\/wp\/v2\/posts"}],"about":[{"href":"http:\/\/energieshumaines.fr\/index.php?rest_route=\/wp\/v2\/types\/post"}],"author":[{"embeddable":true,"href":"http:\/\/energieshumaines.fr\/index.php?rest_route=\/wp\/v2\/users\/3"}],"replies":[{"embeddable":true,"href":"http:\/\/energieshumaines.fr\/index.php?rest_route=%2Fwp%2Fv2%2Fcomments&post=502"}],"version-history":[{"count":2,"href":"http:\/\/energieshumaines.fr\/index.php?rest_route=\/wp\/v2\/posts\/502\/revisions"}],"predecessor-version":[{"id":506,"href":"http:\/\/energieshumaines.fr\/index.php?rest_route=\/wp\/v2\/posts\/502\/revisions\/506"}],"wp:attachment":[{"href":"http:\/\/energieshumaines.fr\/index.php?rest_route=%2Fwp%2Fv2%2Fmedia&parent=502"}],"wp:term":[{"taxonomy":"category","embeddable":true,"href":"http:\/\/energieshumaines.fr\/index.php?rest_route=%2Fwp%2Fv2%2Fcategories&post=502"},{"taxonomy":"post_tag","embeddable":true,"href":"http:\/\/energieshumaines.fr\/index.php?rest_route=%2Fwp%2Fv2%2Ftags&post=502"}],"curies":[{"name":"wp","href":"https:\/\/api.w.org\/{rel}","templated":true}]}}