{"id":1010,"date":"2021-09-28T12:29:02","date_gmt":"2021-09-28T12:29:02","guid":{"rendered":"http:\/\/energieshumaines.fr\/?p=1010"},"modified":"2021-09-28T12:29:02","modified_gmt":"2021-09-28T12:29:02","slug":"invitation-atelier-worldcafe-matinale-le-jeudi-7-octobre-2021","status":"publish","type":"post","link":"http:\/\/energieshumaines.fr\/?p=1010","title":{"rendered":"INVITATION &#8211; Atelier WorldCaf\u00e9 &#8211; Matinale le jeudi 7 octobre  2021"},"content":{"rendered":"<p><a href=\"https:\/\/www.linkedin.com\/posts\/tenetmarie_invitation-matinale-jeudi-7-octobre-2021-activity-6848591943832760321-fKBh\"><img loading=\"lazy\" decoding=\"async\" class=\"size-medium wp-image-835 alignleft\" src=\"http:\/\/wp.energieshumaines.fr\/wp-content\/uploads\/2019\/10\/photomontage-556809_1920-300x212.jpg\" alt=\"\" width=\"300\" height=\"212\" srcset=\"http:\/\/wp.energieshumaines.fr\/wp-content\/uploads\/2019\/10\/photomontage-556809_1920-300x212.jpg 300w, http:\/\/wp.energieshumaines.fr\/wp-content\/uploads\/2019\/10\/photomontage-556809_1920-768x543.jpg 768w, http:\/\/wp.energieshumaines.fr\/wp-content\/uploads\/2019\/10\/photomontage-556809_1920-1024x724.jpg 1024w, http:\/\/wp.energieshumaines.fr\/wp-content\/uploads\/2019\/10\/photomontage-556809_1920.jpg 1920w\" sizes=\"auto, (max-width: 300px) 100vw, 300px\" \/><strong>INVITATION<br \/>\nAgenda Lyon &#8211; Atelier WorldCaf\u00e9 Jeudi 7 octobre 2021 de 8h30 \u00e0 10h45<\/strong><\/a><\/p>\n<div>En collaboration avec l&rsquo;<strong>UNIVERSITE JEAN MOULIN LYON 3<\/strong>, nous vous invitons \u00e0 recr\u00e9er du lien ensemble et \u00e0 renouer avec le r\u00e9seau.\u00a0 Offrez-vous le privil\u00e8ge d&rsquo;exp\u00e9rimenter un\u00a0<strong>atelier en mode \u00ab\u00a0world caf\u00e9\u00a0\u00bb jeudi 7 octobre sur le th\u00e8me de la COMMUNICATION INTERGENERATIONNELLE<\/strong>.<\/div>\n<div>Nous allons prendre le temps de r\u00e9fl\u00e9chir ensemble \u00e0 la communication entre les g\u00e9n\u00e9rations : sujet qui suscite d\u00e9bats et qui prend beaucoup d&rsquo;\u00e9nergie dans les organisations \u00e0 un moment o\u00f9 le management et la communication sont bouscul\u00e9s.<\/div>\n<div>L&rsquo;atelier \u00ab\u00a0world caf\u00e9\u00a0\u00bb\u00a0 fera appel \u00e0 l&rsquo;intelligence collective et \u00e0 votre cr\u00e9ativit\u00e9. Pr\u00eat-e pour une exp\u00e9rience nouvelle et conviviale ? Il reste quelques places, venez comme vous \u00eates, avec vos masques ! \ud83d\ude42<\/div>\n<div>A tr\u00e8s bient\u00f4t,<br \/>\nMarie Tenet et C\u00e9dric Thoulon<\/div>\n<div><\/div>\n<div><strong><a href=\"https:\/\/my.sendinblue.com\/users\/subscribe\/js_id\/2jpqe\/id\/3\">Inscription<\/a><\/strong><\/div>\n<div><\/div>\n<ul>\n<li>nova-eh est certifi\u00e9e \u00e0 la m\u00e9thode LEGO\u00aeSERIOUSPLAY\u00ae<\/li>\n<li>Rendez-vous sur :\u00a0<a href=\"http:\/\/energieshumaines.fr\/\">energieshumaines.fr<\/a>\u00a0ou\u00a0<a href=\"http:\/\/www.nova-eh.fr\/\">www.nova-eh.fr<\/a><\/li>\n<\/ul>\n<p>&nbsp;<\/p>\n","protected":false},"excerpt":{"rendered":"<p>INVITATION Agenda Lyon &#8211; Atelier WorldCaf\u00e9 Jeudi 7 octobre 2021 de 8h30 \u00e0 10h45 En collaboration avec l&rsquo;UNIVERSITE JEAN MOULIN LYON 3, nous vous invitons \u00e0 recr\u00e9er du lien ensemble et \u00e0 renouer avec le r\u00e9seau.\u00a0 Offrez-vous le privil\u00e8ge d&rsquo;exp\u00e9rimenter un\u00a0atelier en mode \u00ab\u00a0world caf\u00e9\u00a0\u00bb jeudi 7 octobre sur le th\u00e8me de la COMMUNICATION INTERGENERATIONNELLE. &hellip; <\/p>\n<p class=\"link-more\"><a href=\"http:\/\/energieshumaines.fr\/?p=1010\" class=\"more-link\">Continuer la lecture<span class=\"screen-reader-text\"> de &laquo;&nbsp;INVITATION &#8211; Atelier WorldCaf\u00e9 &#8211; Matinale le jeudi 7 octobre  2021&nbsp;&raquo;<\/span><\/a><\/p>\n","protected":false},"author":1,"featured_media":0,"comment_status":"open","ping_status":"open","sticky":false,"template":"","format":"standard","meta":{"_exactmetrics_skip_tracking":false,"_exactmetrics_sitenote_active":false,"_exactmetrics_sitenote_note":"","_exactmetrics_sitenote_category":0,"footnotes":""},"categories":[1,15,9],"tags":[],"class_list":["post-1010","post","type-post","status-publish","format-standard","hentry","category-actualites","category-ateliers","category-communication-communication-interne-communication-manageriale-positive"],"_links":{"self":[{"href":"http:\/\/energieshumaines.fr\/index.php?rest_route=\/wp\/v2\/posts\/1010","targetHints":{"allow":["GET"]}}],"collection":[{"href":"http:\/\/energieshumaines.fr\/index.php?rest_route=\/wp\/v2\/posts"}],"about":[{"href":"http:\/\/energieshumaines.fr\/index.php?rest_route=\/wp\/v2\/types\/post"}],"author":[{"embeddable":true,"href":"http:\/\/energieshumaines.fr\/index.php?rest_route=\/wp\/v2\/users\/1"}],"replies":[{"embeddable":true,"href":"http:\/\/energieshumaines.fr\/index.php?rest_route=%2Fwp%2Fv2%2Fcomments&post=1010"}],"version-history":[{"count":1,"href":"http:\/\/energieshumaines.fr\/index.php?rest_route=\/wp\/v2\/posts\/1010\/revisions"}],"predecessor-version":[{"id":1011,"href":"http:\/\/energieshumaines.fr\/index.php?rest_route=\/wp\/v2\/posts\/1010\/revisions\/1011"}],"wp:attachment":[{"href":"http:\/\/energieshumaines.fr\/index.php?rest_route=%2Fwp%2Fv2%2Fmedia&parent=1010"}],"wp:term":[{"taxonomy":"category","embeddable":true,"href":"http:\/\/energieshumaines.fr\/index.php?rest_route=%2Fwp%2Fv2%2Fcategories&post=1010"},{"taxonomy":"post_tag","embeddable":true,"href":"http:\/\/energieshumaines.fr\/index.php?rest_route=%2Fwp%2Fv2%2Ftags&post=1010"}],"curies":[{"name":"wp","href":"https:\/\/api.w.org\/{rel}","templated":true}]}}